{"id":3679,"date":"2021-11-04T13:26:36","date_gmt":"2021-11-04T16:26:36","guid":{"rendered":"http:\/\/www.brafip.org.br\/brafip\/?p=3679"},"modified":"2021-11-29T10:36:53","modified_gmt":"2021-11-29T13:36:53","slug":"incoday-2021-2","status":"publish","type":"post","link":"https:\/\/brafip.org.br\/brafip\/2021\/11\/04\/incoday-2021-2\/","title":{"rendered":"IncoDay 2021"},"content":{"rendered":"\n<figure class=\"wp-block-image size-full\"><img fetchpriority=\"high\" decoding=\"async\" width=\"809\" height=\"930\" src=\"https:\/\/brafip.org.br\/brafip\/wp-content\/uploads\/2021\/11\/11-11-21-Card-Incoday.jpeg\" alt=\"\" class=\"wp-image-3708\" srcset=\"https:\/\/brafip.org.br\/brafip\/wp-content\/uploads\/2021\/11\/11-11-21-Card-Incoday.jpeg 809w, https:\/\/brafip.org.br\/brafip\/wp-content\/uploads\/2021\/11\/11-11-21-Card-Incoday-261x300.jpeg 261w, https:\/\/brafip.org.br\/brafip\/wp-content\/uploads\/2021\/11\/11-11-21-Card-Incoday-768x883.jpeg 768w\" sizes=\"(max-width: 809px) 100vw, 809px\" \/><figcaption><a href=\"HTTP:\/\/TINy.CC\/INCODAY2021\">INSCREVA-SE AQUI<\/a><\/figcaption><\/figure>\n\n\n\n<p><span class=\"has-inline-color has-vivid-red-color\"><strong>ATEN\u00c7\u00c3O:&nbsp;<\/strong>A participa\u00e7\u00e3o no BRAFIP INCODAY 2021 poder\u00e1 ser&nbsp;<strong>presencial<\/strong>&nbsp;no audit\u00f3rio da Faculdade de Tecnologia SENAI \u00cdtalo Bologna<strong>&nbsp;<\/strong>ou&nbsp;<strong>virtual (online)&nbsp;<\/strong>por meio de link que ser\u00e1 enviado previamente aos inscritos.<\/span><br><span class=\"has-inline-color has-vivid-red-color\"><strong>PEDIMOS A GENTILEZA DE REALIZAR A SUA INSCRI\u00c7\u00c3O NA MODALIDADE DESEJADA.<\/strong><\/span><\/p>\n\n\n\n<p>O BRAFIP INCODAY \u00e9 um evento anual, de car\u00e1ter internacional, organizado pela BRAFIP (Plataforma Tecnol\u00f3gica Brasileira) em diferentes cidades\/estados do Brasil, com vistas a:<\/p>\n\n\n\n<p><br>i)&nbsp;&nbsp;identificar projetos de Inova\u00e7\u00e3o colaborativa (conceito open innovation), oriundos de todos os setores da economia e intensivos em TIC, que possam ser implementados por meio de cons\u00f3rcios colaborativos de Pesquisa, Desenvolvimento e Inova\u00e7\u00e3o (PD&amp;I), formados por empresas e ICTs, nacionais e\/ou internacionais;<\/p>\n\n\n\n<p><br>ii)&nbsp;&nbsp;promover a aproxima\u00e7\u00e3o de empresas e institui\u00e7\u00f5es nacionais e\/ou internacionais visando \u00e0 cria\u00e7\u00e3o de cons\u00f3rcios de PD&amp;I para execu\u00e7\u00e3o de projetos colaborativos;<\/p>\n\n\n\n<p><br>iii)&nbsp;&nbsp;apresentar os pitches das ideias selecionadas nas Chamadas de Ideias BRAFIP anuais, com vota\u00e7\u00e3o das 3 melhores ideias pelos participantes do evento.<\/p>\n\n\n\n<p><strong>PROGRAMA\u00c7\u00c3O PRELIMINAR:<\/strong><\/p>\n\n\n\n<p><strong>1\/DEZEMBRO<\/strong><\/p>\n\n\n\n<figure class=\"wp-block-table is-style-stripes\"><table><tbody><tr><td><strong>In\u00edcio<\/strong><\/td><td><strong>Fim<\/strong><\/td><td><strong>Descri\u00e7\u00e3o<\/strong><\/td><td><\/td><td><\/td><\/tr><tr><td>17:00<\/td><td>19:00<\/td><td><strong>Abertura Solene<br><\/strong>Brafip &#8211; Roberto Mayer<br>Governo de Goi\u00e1s &#8211; M\u00e1rcio Pereira<br>SEBRAE &#8211; Ant\u00f4nio Carlos de Souza<br>FIEG &#8211; Alian\u00e7a pela Inova\u00e7\u00e3o &#8211; Heribaldo Eg\u00eddio<br>SENAI &#8211; Claudemir Bonatto &#8211; Diretor de Educa\u00e7\u00e3o e tecnologia<br>Assespro GO &#8211; Gyntec &#8211; Marcos Bernardo Campos<br>Membros do Conselho Diretor da Brafip<\/td><td><\/td><td><\/td><\/tr><\/tbody><\/table><figcaption><br><br><\/figcaption><\/figure>\n\n\n\n<p><strong>2\/DEZEMBRO<\/strong><\/p>\n\n\n\n<figure class=\"wp-block-gallery columns-1 is-cropped wp-block-gallery-1 is-layout-flex wp-block-gallery-is-layout-flex\"><ul class=\"blocks-gallery-grid\"><li class=\"blocks-gallery-item\"><figure><img decoding=\"async\" width=\"698\" height=\"509\" src=\"https:\/\/brafip.org.br\/brafip\/wp-content\/uploads\/2021\/11\/AGENDA-v4-MANHA-2.png\" alt=\"\" data-id=\"3716\" data-full-url=\"https:\/\/brafip.org.br\/brafip\/wp-content\/uploads\/2021\/11\/AGENDA-v4-MANHA-2.png\" data-link=\"https:\/\/brafip.org.br\/brafip\/2021\/11\/04\/incoday-2021-2\/agenda-v4-manha-2\/\" class=\"wp-image-3716\" srcset=\"https:\/\/brafip.org.br\/brafip\/wp-content\/uploads\/2021\/11\/AGENDA-v4-MANHA-2.png 698w, https:\/\/brafip.org.br\/brafip\/wp-content\/uploads\/2021\/11\/AGENDA-v4-MANHA-2-300x219.png 300w\" sizes=\"(max-width: 698px) 100vw, 698px\" \/><\/figure><\/li><\/ul><\/figure>\n\n\n\n<figure class=\"wp-block-gallery columns-1 is-cropped wp-block-gallery-2 is-layout-flex wp-block-gallery-is-layout-flex\"><ul class=\"blocks-gallery-grid\"><li class=\"blocks-gallery-item\"><figure><img decoding=\"async\" width=\"698\" height=\"30\" src=\"https:\/\/brafip.org.br\/brafip\/wp-content\/uploads\/2021\/11\/AGENDA-2-almoco-1.png\" alt=\"\" data-id=\"3697\" data-link=\"https:\/\/brafip.org.br\/brafip\/2021\/11\/04\/incoday-2021-2\/agenda-2-almoco-1\/\" class=\"wp-image-3697\" srcset=\"https:\/\/brafip.org.br\/brafip\/wp-content\/uploads\/2021\/11\/AGENDA-2-almoco-1.png 698w, https:\/\/brafip.org.br\/brafip\/wp-content\/uploads\/2021\/11\/AGENDA-2-almoco-1-300x13.png 300w\" sizes=\"(max-width: 698px) 100vw, 698px\" \/><\/figure><\/li><\/ul><\/figure>\n\n\n\n<figure class=\"wp-block-gallery columns-1 is-cropped wp-block-gallery-3 is-layout-flex wp-block-gallery-is-layout-flex\"><ul class=\"blocks-gallery-grid\"><li class=\"blocks-gallery-item\"><figure><img loading=\"lazy\" decoding=\"async\" width=\"698\" height=\"589\" src=\"https:\/\/brafip.org.br\/brafip\/wp-content\/uploads\/2021\/11\/AGENDA-v4-tarde.png\" alt=\"\" data-id=\"3717\" data-full-url=\"https:\/\/brafip.org.br\/brafip\/wp-content\/uploads\/2021\/11\/AGENDA-v4-tarde.png\" data-link=\"https:\/\/brafip.org.br\/brafip\/2021\/11\/04\/incoday-2021-2\/agenda-v4-tarde\/\" class=\"wp-image-3717\" srcset=\"https:\/\/brafip.org.br\/brafip\/wp-content\/uploads\/2021\/11\/AGENDA-v4-tarde.png 698w, https:\/\/brafip.org.br\/brafip\/wp-content\/uploads\/2021\/11\/AGENDA-v4-tarde-300x253.png 300w\" sizes=\"(max-width: 698px) 100vw, 698px\" \/><\/figure><\/li><\/ul><\/figure>\n\n\n\n<p><strong>3\/DEZEMBRO<\/strong><\/p>\n\n\n\n<figure class=\"wp-block-table is-style-stripes\"><table><tbody><tr><td><strong>De<\/strong><\/td><td><strong>At\u00e9<\/strong><\/td><td><strong>Descri\u00e7\u00e3o<\/strong><\/td><td><\/td><td><\/td><\/tr><tr><td>09:00<\/td><td>13:00<\/td><td>Assembleia Brafip <br>(apenas para membros do Conselho de Administra\u00e7\u00e3o)<\/td><td><\/td><td><\/td><\/tr><\/tbody><\/table><figcaption><br><br><\/figcaption><\/figure>\n\n\n\n<p><\/p>\n","protected":false},"excerpt":{"rendered":"<p>ATEN\u00c7\u00c3O:&nbsp;A participa\u00e7\u00e3o no BRAFIP INCODAY 2021 poder\u00e1 ser&nbsp;presencial&nbsp;no audit\u00f3rio da Faculdade de Tecnologia SENAI \u00cdtalo Bologna&nbsp;ou&nbsp;virtual (online)&nbsp;por meio de link que ser\u00e1 enviado previamente aos inscritos.PEDIMOS A GENTILEZA DE REALIZAR A SUA INSCRI\u00c7\u00c3O NA MODALIDADE DESEJADA. O BRAFIP INCODAY \u00e9 um evento anual, de car\u00e1ter internacional, organizado pela BRAFIP (Plataforma&hellip;<\/p>\n","protected":false},"author":2,"featured_media":3680,"comment_status":"closed","ping_status":"closed","sticky":false,"template":"","format":"standard","meta":{"_price":"","_stock":"","_tribe_ticket_header":"","_tribe_default_ticket_provider":"","_tribe_ticket_capacity":"0","_ticket_start_date":"","_ticket_end_date":"","_tribe_ticket_show_description":"","_tribe_ticket_show_not_going":false,"_tribe_ticket_use_global_stock":"","_tribe_ticket_global_stock_level":"","_global_stock_mode":"","_global_stock_cap":"","_tribe_rsvp_for_event":"","_tribe_ticket_going_count":"","_tribe_ticket_not_going_count":"","_tribe_tickets_list":"[]","_tribe_ticket_has_attendee_info_fields":false,"footnotes":""},"categories":[1],"tags":[],"class_list":["post-3679","post","type-post","status-publish","format-standard","has-post-thumbnail","hentry","category-uncategorized"],"_links":{"self":[{"href":"https:\/\/brafip.org.br\/brafip\/wp-json\/wp\/v2\/posts\/3679","targetHints":{"allow":["GET"]}}],"collection":[{"href":"https:\/\/brafip.org.br\/brafip\/wp-json\/wp\/v2\/posts"}],"about":[{"href":"https:\/\/brafip.org.br\/brafip\/wp-json\/wp\/v2\/types\/post"}],"author":[{"embeddable":true,"href":"https:\/\/brafip.org.br\/brafip\/wp-json\/wp\/v2\/users\/2"}],"replies":[{"embeddable":true,"href":"https:\/\/brafip.org.br\/brafip\/wp-json\/wp\/v2\/comments?post=3679"}],"version-history":[{"count":12,"href":"https:\/\/brafip.org.br\/brafip\/wp-json\/wp\/v2\/posts\/3679\/revisions"}],"predecessor-version":[{"id":3741,"href":"https:\/\/brafip.org.br\/brafip\/wp-json\/wp\/v2\/posts\/3679\/revisions\/3741"}],"wp:featuredmedia":[{"embeddable":true,"href":"https:\/\/brafip.org.br\/brafip\/wp-json\/wp\/v2\/media\/3680"}],"wp:attachment":[{"href":"https:\/\/brafip.org.br\/brafip\/wp-json\/wp\/v2\/media?parent=3679"}],"wp:term":[{"taxonomy":"category","embeddable":true,"href":"https:\/\/brafip.org.br\/brafip\/wp-json\/wp\/v2\/categories?post=3679"},{"taxonomy":"post_tag","embeddable":true,"href":"https:\/\/brafip.org.br\/brafip\/wp-json\/wp\/v2\/tags?post=3679"}],"curies":[{"name":"wp","href":"https:\/\/api.w.org\/{rel}","templated":true}]}}